


{"id":7897,"date":"2023-10-25T11:13:24","date_gmt":"2023-10-25T11:13:24","guid":{"rendered":"https:\/\/clinicadentaloris.com\/\/salut-dental-i-malalties-cardiovasculars\/"},"modified":"2024-07-02T10:27:46","modified_gmt":"2024-07-02T10:27:46","slug":"salut-dental-i-malalties-cardiovasculars","status":"publish","type":"post","link":"https:\/\/clinicadentaloris.com\/ca\/salut-dental-i-malalties-cardiovasculars\/","title":{"rendered":"Salut dental i malalties cardiovasculars"},"content":{"rendered":"<p><img decoding=\"async\" class=\"lazyload alignnone size-full wp-image-4741\" src=\"data:image\/gif;base64,R0lGODlhAQABAAAAACH5BAEKAAEALAAAAAABAAEAAAICTAEAOw==\" data-orig-src=\"https:\/\/clinicadentaloris.com\/contenido\/subidas\/2023\/10\/blog_oris_salud_cardiovascular.png\" alt=\"\" \/>El 29 de setembre es va celebrar arreu del m\u00f3n el <strong><a href=\"https:\/\/world-heart-federation.org\/world-heart-day\/\" rel=\"nofollow noopener\" target=\"_blank\">Dia Mundial del Cor<\/a><\/strong>. Aquest \u00f2rgan del nostre sistema vital \u00e9s transcendental i per aix\u00f2 cal tenir-ne cura. Per\u00f2, sabies que la salut bucodental \u00e9s un factor determinant en les malalties cardiovasculars?<\/p>\n<h3><strong>Boca i cor, un binomi m\u00e9s proper del que sembla <\/strong><\/h3>\n<p>Hi ha una <strong>relaci\u00f3 directa entre la salut de la nostra boca i de les nostres dents amb les malalties que tenen or\u00edgens cardiovasculars<\/strong>. De fet, una mala salut oral multiplica per dos el risc de patir un atac de cor, i per tres, vessament cerebral. Per qu\u00e8? Tot t\u00e9 a veure amb la <strong>periodontitis<\/strong>. Una inflamaci\u00f3 cr\u00f2nica de les genives (que es coneix amb el nom de periodontitis) que no es tracti de manera adequada provoca que les bact\u00e8ries es colin a dins del reg sanguini.<\/p>\n<p>Un cop a dins, aquestes bact\u00e8ries s\u2019adhereixen als dip\u00f2sits s\u00f2lids que sol haver-hi a les art\u00e8ries (una barreja de greix, colesterol i altres subst\u00e0ncies poc saludables, el que es coneix amb el nom d\u2019ateresclerosis). Aquesta obstrucci\u00f3 vascular desencadena una resposta inflamat\u00f2ria que fa que els vasos sanguinis s\u2019inflin, tot reduint el flux de sang. Aix\u00f2 fa augmentar de manera exponencial l\u2019aparici\u00f3 de co\u00e0guls i de trombosis.<\/p>\n<p>\u00c9s per aix\u00f2 que els i les pacients amb gingivitis i periodontitis han d\u2019extremar les precaucions i les <strong><a href=\"https:\/\/clinicadentaloris.com\/blog\/importancia-prevencio-salut-oral\">revisions odontol\u00f2giques<\/a><\/strong> per reduir el possible impacte d\u2019accidents cardiovasculars derivats de la seva salut dental. Una<strong> higiene correcta i continuada i una <a href=\"https:\/\/clinicadentaloris.com\/blog\/aliments-saludables-genives\">dieta equilibrada<\/a> <\/strong>s\u00f3n factors clau a l\u2019hora de reduir aquest risc.<\/p>\n<h3><strong>M\u00e9s enll\u00e0 de la salut dental <\/strong><\/h3>\n<p>Per\u00f2 m\u00e9s enll\u00e0 de la salut de la boca i de les dents, el consum excessiu d\u2019alcohol i tabac, la hipertensi\u00f3, els nivells alts de colesterol, la diabetis, el sedentarisme i una dieta poc saludable s\u00f3n altres factors de risc quan parlem de malalties cardiovasculars. Una dada que val la pena de tenir en compte. El 26% aproximadament de les morts que es produeixen a l\u2019estat espanyol cada any estan relacionades amb les patologies cardiovasculars.<\/p>\n<p>A <strong>Oris<\/strong>, el nostre equip d\u2019especialistes, encap\u00e7alats pels drs Ignasi i Laia Chac\u00f3n, t\u2019assessorar\u00e0 en tot all\u00f2 que necessitis saber sobre les patologies associades a la salut dental. La nostra periodoncista, la dra. <strong>Teresa Vives<\/strong>, \u00e9s <a href=\"https:\/\/clinicadentaloris.com\/blog\/gingivitis-periodontistis-simptomes\">l\u2019<strong>especialista en tot all\u00f2 que fa refer\u00e8ncia a la salut de les genives<\/strong><\/a>.<\/p>\n","protected":false},"excerpt":{"rendered":"<p>El 29 de setembre es va celebrar arreu del m\u00f3n  [&#8230;]<\/p>\n","protected":false},"author":1,"featured_media":5982,"comment_status":"open","ping_status":"closed","sticky":false,"template":"","format":"standard","meta":{"footnotes":""},"categories":[179,135],"tags":[],"class_list":["post-7897","post","type-post","status-publish","format-standard","has-post-thumbnail","hentry","category-salut-bucodental-integral","category-sin-categorizar-3"],"_links":{"self":[{"href":"https:\/\/clinicadentaloris.com\/ca\/wp-json\/wp\/v2\/posts\/7897","targetHints":{"allow":["GET"]}}],"collection":[{"href":"https:\/\/clinicadentaloris.com\/ca\/wp-json\/wp\/v2\/posts"}],"about":[{"href":"https:\/\/clinicadentaloris.com\/ca\/wp-json\/wp\/v2\/types\/post"}],"author":[{"embeddable":true,"href":"https:\/\/clinicadentaloris.com\/ca\/wp-json\/wp\/v2\/users\/1"}],"replies":[{"embeddable":true,"href":"https:\/\/clinicadentaloris.com\/ca\/wp-json\/wp\/v2\/comments?post=7897"}],"version-history":[{"count":0,"href":"https:\/\/clinicadentaloris.com\/ca\/wp-json\/wp\/v2\/posts\/7897\/revisions"}],"wp:featuredmedia":[{"embeddable":true,"href":"https:\/\/clinicadentaloris.com\/ca\/wp-json\/wp\/v2\/media\/5982"}],"wp:attachment":[{"href":"https:\/\/clinicadentaloris.com\/ca\/wp-json\/wp\/v2\/media?parent=7897"}],"wp:term":[{"taxonomy":"category","embeddable":true,"href":"https:\/\/clinicadentaloris.com\/ca\/wp-json\/wp\/v2\/categories?post=7897"},{"taxonomy":"post_tag","embeddable":true,"href":"https:\/\/clinicadentaloris.com\/ca\/wp-json\/wp\/v2\/tags?post=7897"}],"curies":[{"name":"wp","href":"https:\/\/api.w.org\/{rel}","templated":true}]}}