


{"id":7781,"date":"2022-06-16T14:02:21","date_gmt":"2022-06-16T14:02:21","guid":{"rendered":"https:\/\/clinicadentaloris.com\/\/la-importancia-de-la-prevencio-en-la-salut-oral\/"},"modified":"2024-07-02T10:27:42","modified_gmt":"2024-07-02T10:27:42","slug":"la-importancia-de-la-prevencio-en-la-salut-oral","status":"publish","type":"post","link":"https:\/\/clinicadentaloris.com\/ca\/la-importancia-de-la-prevencio-en-la-salut-oral\/","title":{"rendered":"La import\u00e0ncia de la prevenci\u00f3 en la salut oral"},"content":{"rendered":"<p><img decoding=\"async\" class=\"lazyload alignnone wp-image-2948 size-full\" src=\"data:image\/svg+xml,%3Csvg%20xmlns%3D%27http%3A%2F%2Fwww.w3.org%2F2000%2Fsvg%27%20width%3D%271000%27%20height%3D%27350%27%20viewBox%3D%270%200%201000%20350%27%3E%3Crect%20width%3D%271000%27%20height%3D%27350%27%20fill-opacity%3D%220%22%2F%3E%3C%2Fsvg%3E\" data-orig-src=\"https:\/\/clinicadentaloris.com\/contenido\/subidas\/2022\/06\/blog_oris_prevencio.jpg\" alt=\"\" width=\"1000\" height=\"350\" \/><\/p>\n<p>Diu la dita que sempre \u00e9s millor prevenir que no pas guarir. I a <strong>Oris<\/strong>, aix\u00f2, ho tenim molt clar. I nosaltres encara hi afegim una nova perspectiva: la <strong>prevenci\u00f3<\/strong> en mat\u00e8ria oral \u00e9s la garantia d\u2019un <strong>benestar<\/strong> de la nostra boca, de les nostres <strong>dents<\/strong>, de les nostres <strong>genives<\/strong>. <strong>La import\u00e0ncia de la prevenci\u00f3 en la salut oral \u00e9s decisiva<\/strong>.<\/p>\n<p>Sovint ens trobem pacients que arriben a la cl\u00ednica quan <strong><a href=\"https:\/\/clinicadentaloris.com\/blog\/com-alleugerir-el-mal-de-queixal\">una dent o un queixal els fa molt de mal<\/a><\/strong>. En molts casos, aquest \u00e9s l\u2019\u00faltim estadi de vida d\u2019una pe\u00e7a: si s\u2019hagu\u00e9s fet un treball de prevenci\u00f3, amb visites anuals al dentista complementades amb una bona <strong>higiene dental<\/strong>, segurament la situaci\u00f3 podria arribar a ser molt diferent. A vegades som capa\u00e7os de trobar mil i una excuses per no anar a dentista, o deixar-ho per a la setmana vinent, o l\u2019altra, o l\u2019altra. I al final passen els mesos, fins i tot els anys, i no el visitem. Per\u00f2 les <strong>caries<\/strong>, la <strong>gingivitis<\/strong> o la <strong>periodontitis<\/strong>, per posar nom\u00e9s alguns exemples, s\u00f3n patologies que fan el seu curs de manera molt silenciosa.<\/p>\n<p>\u00c9s per tot aix\u00f2 que no ens cansarem d\u2019insistir que les visites rutin\u00e0ries al dentista han de formar part del nostre dia a dia. Oi que quan el cotxe ja comen\u00e7a a tenir uns anys el portem a la ITV perqu\u00e8 el revisin? Doncs amb la nostra boca haur\u00edem de fer el mateix: sotmetre-la a la <strong>ITV dental<\/strong>.<\/p>\n<h3><strong>El 55% dels espanyols tenen problemes dentals<\/strong><\/h3>\n<p>I \u00e9s que les xifres parlen soles. Segons l\u2019<a href=\"https:\/\/rcoe.es\/articulo\/115\/encuesta-de-salud-oral-en-espaa-2020\" rel=\"nofollow noopener\" target=\"_blank\"><strong>Enquesta de salut oral a Espanya de l\u2019any 2020<\/strong><\/a>:<\/p>\n<ul>\n<li>nom\u00e9s el 51% de la poblaci\u00f3 del pa\u00eds reconeix que ha visitat el dentista durant l\u2019any anterior.<\/li>\n<li>el 55% dels ciutadans espanyols reconeixen que tenen algun tipus de problema de salut dental com ara c\u00e0ries, dents i queixals sensibles, gingivitis o periodontitis.<\/li>\n<\/ul>\n<h3><strong>La prevenci\u00f3, la nostra bandera<\/strong><\/h3>\n<p>A Oris, els nostres professionals tenen cura del teu benestar dental, comen\u00e7ant per la prevenci\u00f3. Sempre \u00e9s millor salvar una dent o un queixal que no pas prescindir-ne. Per\u00f2 per assolir aquesta fita cal que les visites al dentista sovintegin i que la higiene sigui met\u00f2dica, correcta i regular.<\/p>\n<p>Tres <strong>consells b\u00e0sics<\/strong> per tenir cura de la salut dental que, des d\u2019Oris, podem donar-te:<\/p>\n<ul>\n<li>visita\u2019ns, com a m\u00ednim, un cop l\u2019any. Amb aquest marge es poden detectar afectacions que, a temps, es poden controlar amb facilitat.<\/li>\n<li>raspalla\u2019t les dents despr\u00e9s de cada menjada, i fes servir el fil dental o els petits raspalls interdentals.<\/li>\n<li>tingues una alimentaci\u00f3 baixa en sucres i generosa en fruita i verdura.<\/li>\n<\/ul>\n<p>Sigui com sigui, els nostres professionals estan per ajudar-te en aquesta acci\u00f3 preventiva. <strong>Suma-t\u2019hi!<\/strong><\/p>\n","protected":false},"excerpt":{"rendered":"<p>Diu la dita que sempre \u00e9s millor prevenir que no  [&#8230;]<\/p>\n","protected":false},"author":1,"featured_media":5837,"comment_status":"open","ping_status":"closed","sticky":false,"template":"","format":"standard","meta":{"footnotes":""},"categories":[179,135],"tags":[],"class_list":["post-7781","post","type-post","status-publish","format-standard","has-post-thumbnail","hentry","category-salut-bucodental-integral","category-sin-categorizar-3"],"_links":{"self":[{"href":"https:\/\/clinicadentaloris.com\/ca\/wp-json\/wp\/v2\/posts\/7781","targetHints":{"allow":["GET"]}}],"collection":[{"href":"https:\/\/clinicadentaloris.com\/ca\/wp-json\/wp\/v2\/posts"}],"about":[{"href":"https:\/\/clinicadentaloris.com\/ca\/wp-json\/wp\/v2\/types\/post"}],"author":[{"embeddable":true,"href":"https:\/\/clinicadentaloris.com\/ca\/wp-json\/wp\/v2\/users\/1"}],"replies":[{"embeddable":true,"href":"https:\/\/clinicadentaloris.com\/ca\/wp-json\/wp\/v2\/comments?post=7781"}],"version-history":[{"count":0,"href":"https:\/\/clinicadentaloris.com\/ca\/wp-json\/wp\/v2\/posts\/7781\/revisions"}],"wp:featuredmedia":[{"embeddable":true,"href":"https:\/\/clinicadentaloris.com\/ca\/wp-json\/wp\/v2\/media\/5837"}],"wp:attachment":[{"href":"https:\/\/clinicadentaloris.com\/ca\/wp-json\/wp\/v2\/media?parent=7781"}],"wp:term":[{"taxonomy":"category","embeddable":true,"href":"https:\/\/clinicadentaloris.com\/ca\/wp-json\/wp\/v2\/categories?post=7781"},{"taxonomy":"post_tag","embeddable":true,"href":"https:\/\/clinicadentaloris.com\/ca\/wp-json\/wp\/v2\/tags?post=7781"}],"curies":[{"name":"wp","href":"https:\/\/api.w.org\/{rel}","templated":true}]}}