


{"id":7769,"date":"2022-03-31T14:09:44","date_gmt":"2022-03-31T14:09:44","guid":{"rendered":"https:\/\/clinicadentaloris.com\/\/la-salut-dental-durant-lembaras\/"},"modified":"2024-07-02T10:27:42","modified_gmt":"2024-07-02T10:27:42","slug":"la-salut-dental-durant-lembaras","status":"publish","type":"post","link":"https:\/\/clinicadentaloris.com\/ca\/la-salut-dental-durant-lembaras\/","title":{"rendered":"La salut dental durant l\u2019embar\u00e0s"},"content":{"rendered":"<p><img decoding=\"async\" class=\"lazyload size-medium wp-image-2869 alignleft\" src=\"data:image\/gif;base64,R0lGODlhAQABAAAAACH5BAEKAAEALAAAAAABAAEAAAICTAEAOw==\" data-orig-src=\"https:\/\/clinicadentaloris.com\/contenido\/subidas\/2022\/03\/blog_oris_embaras-300x105.jpg\" alt=\"\" \/><\/p>\n<p>L\u2019<strong>embar\u00e0s<\/strong> \u00e9s una etapa de canvis profunds en el cos de la dona. M\u00e9s enll\u00e0 dels m\u00e9s evidents que tenen a veure directament amb la gestaci\u00f3, n\u2019hi ha d\u2019altres que estan relacionats de manera indirecta i poden ser menys evidents.\u00a0 En el camp de la <strong>salut dental<\/strong>, durant l\u2019embar\u00e0s, es poden arribar a produir una s\u00e8rie de modificacions que afecten l\u2019estat de <strong>dents<\/strong>, de les <strong>genives<\/strong> i de tot l\u2019<strong>entorn bucal<\/strong>, en general.<\/p>\n<h3><strong>Canvis hormonals, cel\u00b7lulars, vasculars i immunol\u00f2gics <\/strong><\/h3>\n<p>Els<strong> canvis hormonals<\/strong> que es produeixen durant l\u2019embar\u00e0s tenen un impacte directe en els teixits periodontals. El m\u00e9s habitual \u00e9s un augment de la inflamaci\u00f3 gingival (sense que la quantitat de placa bacteriana tingui res a veure). I aix\u00f2 pot derivar en un empitjorament de la salut periodontal.<\/p>\n<p>Els <strong>canvis vasculars<\/strong>, causats pels efectes dels estr\u00f2gens i dels progest\u00e0gens, poden provocar un augment del sagnat a la zona gingival, edemes i eritemes.<\/p>\n<p>Els<strong> canvis cel\u00b7lulars<\/strong>, atiats per la modificaci\u00f3 de les hormones sexuals, s\u2019han considerat en part responsables tamb\u00e9 de la inflamaci\u00f3 de les genives.<\/p>\n<p>Finalment, els <strong>canvis immunol\u00f2gics<\/strong> (que prioritzen, per fer-ho f\u00e0cil, la salut del fetus) suggereixen que es produeix un descens de les defenses dels teixits periodontals i, per tant, l\u2019agressi\u00f3 bacteriana pot malmetre m\u00e9s intensament i r\u00e0pidament els teixits.<\/p>\n<p>En conclusi\u00f3, durant l\u2019embar\u00e0s, tots aquests canvis fan que la salut bucodental de la dona sigui molt m\u00e9s delicada i que s\u2019hagi de tenir una cura especial.<\/p>\n<h3><strong>Les patologies m\u00e9s comunes <\/strong><\/h3>\n<p>Hi ha quatre patologies que s\u00f3n molt comunes en les dones durant l\u2019embar\u00e0s i de les quals cal tenir-ne especial cura i fer-ne un seguiment exhaustiu.<\/p>\n<ul>\n<li>L\u2019embar\u00e0s pr\u00f2piament dit no causa la <strong>gingivitis<\/strong>, ara b\u00e9 s\u00ed que agreuja la gingivitis preexistent. Els estudis al voltant d\u2019aquesta patologia durant l\u2019embar\u00e0s la situen entorn del 38%-49% (en funci\u00f3 dels diferents estudis metodol\u00f2gics i de poblaci\u00f3 duts a terme). Aquestes estudis tamb\u00e9 revelen que el fenomen es dona amb m\u00e9s intensitat durant el segon i el tercer trimestre.<\/li>\n<li><strong>Granuloma grav\u00edtic<\/strong>. Tamb\u00e9 es coneix amb el terme \u2018tumor de l\u2019embar\u00e0s\u2019. Es localitza al sector anterior del maxil\u00b7lar superior, amb una mesura no superior als 2 cent\u00edmetres, i es caracteritza per un sagnat abundant.<\/li>\n<li>La <strong>periodontitis<\/strong>, igual que la gingivitis, pot arribar a tenir una incid\u00e8ncia destacada durant l\u2019embar\u00e0s. Tanmateix, hi ha estudis que vinculen embar\u00e0s i agreujament de la periodontitis (causa directa) i d\u2019altres que atribueixen aquest augment de casos a canvis inflamatoris de les genives (no provocats directament per l\u2019embar\u00e0s). Sigui com sigui, at\u00e8s que \u00e9s una patologia que cal seguir molt de prop, durant l\u2019embar\u00e0s cal extremar les visites a l\u2019odont\u00f2leg.<\/li>\n<li><strong>C\u00e0ries<\/strong>. Durant l\u2019embar\u00e0s s\u2019ha detectat un empitjorament de les c\u00e0ries que ja existien a les boques de les dones. Hi ha uns quants factors que ho accentuen: canvis en els h\u00e0bits alimentaris (menjar m\u00e9s sovint i abusar d\u2019aliments dol\u00e7os), canvis en la composici\u00f3 salivar (per causa de les modificacions dels estr\u00f2gens durant l\u2019embar\u00e0s), canvis en la higiene oral (causades, per exemple, pels episodis de n\u00e0usees), i pres\u00e8ncia habitual de v\u00f2mits (especialment durant els primers mesos de gestaci\u00f3, que afavoreixen l\u2019acidesa i la desmineralitzaci\u00f3 de les dents).<\/li>\n<\/ul>\n<p>Amb tots aquests elements damunt de la taula, la salut bucal durant l\u2019embar\u00e0s \u00e9s encara m\u00e9s important. \u00c9s per aix\u00f2 que, des d\u2019Oris, et recomanem que, si est\u00e0s embarassada, ens visitis per poder fer una an\u00e0lisi de la teva boca i establir un control constant i sistem\u00e0tic que garanteixi el teu benestar dental.<\/p>\n<blockquote><p>Les dades d\u2019aquest article s\u2019han extret de l\u2019estudi <strong><a href=\"https:\/\/www.sepa.es\/web_update\/wp-content\/uploads\/2019\/05\/Informe_SaludBucal_Embazarada-16.07.32.pdf\" rel=\"nofollow noopener\" target=\"_blank\">Salud bucal en la mujer embarazada<\/a><\/strong>, dut a terme per la Sociedad Espa\u00f1ola de Periodoncia y Osteointegraci\u00f3n i la Sociedad Espa\u00f1ola de Ginecolog\u00eda y Obstetricia.<\/p><\/blockquote>\n","protected":false},"excerpt":{"rendered":"<p>L\u2019embar\u00e0s \u00e9s una etapa de canvis profunds en el cos  [&#8230;]<\/p>\n","protected":false},"author":1,"featured_media":5822,"comment_status":"open","ping_status":"closed","sticky":false,"template":"","format":"standard","meta":{"footnotes":""},"categories":[179,135],"tags":[],"class_list":["post-7769","post","type-post","status-publish","format-standard","has-post-thumbnail","hentry","category-salut-bucodental-integral","category-sin-categorizar-3"],"_links":{"self":[{"href":"https:\/\/clinicadentaloris.com\/ca\/wp-json\/wp\/v2\/posts\/7769","targetHints":{"allow":["GET"]}}],"collection":[{"href":"https:\/\/clinicadentaloris.com\/ca\/wp-json\/wp\/v2\/posts"}],"about":[{"href":"https:\/\/clinicadentaloris.com\/ca\/wp-json\/wp\/v2\/types\/post"}],"author":[{"embeddable":true,"href":"https:\/\/clinicadentaloris.com\/ca\/wp-json\/wp\/v2\/users\/1"}],"replies":[{"embeddable":true,"href":"https:\/\/clinicadentaloris.com\/ca\/wp-json\/wp\/v2\/comments?post=7769"}],"version-history":[{"count":0,"href":"https:\/\/clinicadentaloris.com\/ca\/wp-json\/wp\/v2\/posts\/7769\/revisions"}],"wp:featuredmedia":[{"embeddable":true,"href":"https:\/\/clinicadentaloris.com\/ca\/wp-json\/wp\/v2\/media\/5822"}],"wp:attachment":[{"href":"https:\/\/clinicadentaloris.com\/ca\/wp-json\/wp\/v2\/media?parent=7769"}],"wp:term":[{"taxonomy":"category","embeddable":true,"href":"https:\/\/clinicadentaloris.com\/ca\/wp-json\/wp\/v2\/categories?post=7769"},{"taxonomy":"post_tag","embeddable":true,"href":"https:\/\/clinicadentaloris.com\/ca\/wp-json\/wp\/v2\/tags?post=7769"}],"curies":[{"name":"wp","href":"https:\/\/api.w.org\/{rel}","templated":true}]}}