


{"id":7749,"date":"2021-11-17T17:30:03","date_gmt":"2021-11-17T17:30:03","guid":{"rendered":"https:\/\/clinicadentaloris.com\/\/els-queixals-del-seny-en-els-joves\/"},"modified":"2024-07-02T10:27:41","modified_gmt":"2024-07-02T10:27:41","slug":"els-queixals-del-seny-en-els-joves","status":"publish","type":"post","link":"https:\/\/clinicadentaloris.com\/ca\/els-queixals-del-seny-en-els-joves\/","title":{"rendered":"Els queixals del seny en els joves"},"content":{"rendered":"<p><img decoding=\"async\" class=\"lazyload alignnone size-medium wp-image-2756\" src=\"data:image\/gif;base64,R0lGODlhAQABAAAAACH5BAEKAAEALAAAAAABAAEAAAICTAEAOw==\" data-orig-src=\"https:\/\/clinicadentaloris.com\/contenido\/subidas\/2021\/11\/blog_oris_queixal_seny-300x75.jpg\" alt=\"\" \/><\/p>\n<p>Els <a href=\"https:\/\/clinicadentaloris.com\/blog\/com-puc-alleugerir-el-dolor-al-queixal-del-seny\"><strong>queixals del seny<\/strong><\/a> s\u00f3n els<a href=\"https:\/\/ca.wikipedia.org\/wiki\/Queixal_del_seny\" target=\"_blank\" rel=\"noopener nofollow\"> tercers molars<\/a> de la dentadura dels humans, i els darrers a irrompre-hi. Tot i que l\u2019aparici\u00f3 fluctua, es pot dir que en la forquilla que va dels <strong>16 als 30 anys<\/strong> poden donar senyals de vida. Ara b\u00e9, tamb\u00e9 \u00e9s cert que hi ha persones a les quals mai els surten aquestes peces dentals.<\/p>\n<h4><strong>Per qu\u00e8 no apareixen? <\/strong><\/h4>\n<p>Hi ha molts factors que influeixen, per\u00f2 se\u2019n poden destacar dos. D\u2019una banda, els canvis en el <strong>tipus d\u2019alimentaci\u00f3 dels humans<\/strong> han fet que els queixals del seny tinguin, actualment, una funci\u00f3 for\u00e7a secund\u00e0ria. Si ho comparem amb els peus, la funci\u00f3 del dit petit. Dit d\u2019una altra manera, no ens alimentem igual ara que els nostres avantpassats de fa milers d\u2019anys. D\u2019una altra banda, els <strong>canvis morfol\u00f2gics de la boca<\/strong> al llarg del temps tamb\u00e9 han provocat que, progressivament, l\u2019aparici\u00f3 sigui m\u00e9s tardana o, fins i tot, inexistent.<\/p>\n<h4><strong>Un cop surten, qu\u00e8 pot passar? <\/strong><\/h4>\n<p>El cicle d\u2019irrupci\u00f3 dels <strong>queixals del seny<\/strong> \u00e9s el m\u00e9s lent de totes les peces dentals dels adults, i segurament tamb\u00e9 de les m\u00e9s <strong>doloroses<\/strong>. Per tant, \u00e9s molt habitual entre els i les joves que, durant per\u00edodes prolongats, tinguin mol\u00e8sties a la zona final de la boca: <strong>mol\u00e8sties a l\u2019hora d\u2019obrir i tancar, inflamaci\u00f3 dels ganglis inferiors, envermelliment i inflor a les genives<\/strong>&#8230;<\/p>\n<p>Per tractar totes aquestes circumst\u00e0ncies, \u00e9s important fer un primer diagn\u00f2stic amb una <strong>radiografia<\/strong>, que ens indicar\u00e0 diverses coses: la posici\u00f3 dels queixals del seny, la possible interfer\u00e8ncia amb altres peces o l\u2019estat d\u2019aquests tercers molars.<\/p>\n<p>En el cas que hi hagi algun tipus de problema amb els queixals del seny (mala posici\u00f3, manca d\u2019espai, desalineaci\u00f3 d\u2019altres dents&#8230;), el dentista pot optar per fer-ne l\u2019extracci\u00f3. \u00c9s una operaci\u00f3 senzilla. Ara b\u00e9, \u00e9s recomanable que es faci quan els pacients s\u00f3n m\u00e9s joves, ja que la capacitat de recuperaci\u00f3 \u00e9s molt m\u00e9s r\u00e0pida.<\/p>\n<p>Si no hi ha cap problema, caldr\u00e0 tenir, aix\u00f2 s\u00ed, una s\u00e8rie de precaucions. Cal pensar que els <strong>queixals del seny<\/strong>, per la seva situaci\u00f3 al final de la mand\u00edbula i pel ritme de creixement lent, solen acumular m\u00e9s placa bacteriana del que \u00e9s habitual. Per aix\u00f2, cal incidir en el fet que, en aquestes franges d\u2019edat, s\u2019ha de raspallar b\u00e9 aquesta zona.<\/p>\n<h4><strong>Oris, benestar dental<\/strong><\/h4>\n<p>En una visita rutin\u00e0ria, els dentistes d\u2019<strong>Oris<\/strong> detectaran de seguida quin \u00e9s l\u2019estat dels queixals del seny que es troben en posici\u00f3 de sortida.<\/p>\n","protected":false},"excerpt":{"rendered":"<p>Els queixals del seny s\u00f3n els tercers molars de la  [&#8230;]<\/p>\n","protected":false},"author":1,"featured_media":5797,"comment_status":"open","ping_status":"closed","sticky":false,"template":"","format":"standard","meta":{"footnotes":""},"categories":[180,135],"tags":[],"class_list":["post-7749","post","type-post","status-publish","format-standard","has-post-thumbnail","hentry","category-odontologia-restauradora-ca","category-sin-categorizar-3"],"_links":{"self":[{"href":"https:\/\/clinicadentaloris.com\/ca\/wp-json\/wp\/v2\/posts\/7749","targetHints":{"allow":["GET"]}}],"collection":[{"href":"https:\/\/clinicadentaloris.com\/ca\/wp-json\/wp\/v2\/posts"}],"about":[{"href":"https:\/\/clinicadentaloris.com\/ca\/wp-json\/wp\/v2\/types\/post"}],"author":[{"embeddable":true,"href":"https:\/\/clinicadentaloris.com\/ca\/wp-json\/wp\/v2\/users\/1"}],"replies":[{"embeddable":true,"href":"https:\/\/clinicadentaloris.com\/ca\/wp-json\/wp\/v2\/comments?post=7749"}],"version-history":[{"count":0,"href":"https:\/\/clinicadentaloris.com\/ca\/wp-json\/wp\/v2\/posts\/7749\/revisions"}],"wp:featuredmedia":[{"embeddable":true,"href":"https:\/\/clinicadentaloris.com\/ca\/wp-json\/wp\/v2\/media\/5797"}],"wp:attachment":[{"href":"https:\/\/clinicadentaloris.com\/ca\/wp-json\/wp\/v2\/media?parent=7749"}],"wp:term":[{"taxonomy":"category","embeddable":true,"href":"https:\/\/clinicadentaloris.com\/ca\/wp-json\/wp\/v2\/categories?post=7749"},{"taxonomy":"post_tag","embeddable":true,"href":"https:\/\/clinicadentaloris.com\/ca\/wp-json\/wp\/v2\/tags?post=7749"}],"curies":[{"name":"wp","href":"https:\/\/api.w.org\/{rel}","templated":true}]}}